{"id":1024,"date":"2016-05-29T10:01:56","date_gmt":"2016-05-29T10:01:56","guid":{"rendered":"http:\/\/www.virtusetlabor.it\/?p=1024"},"modified":"2016-06-18T13:22:47","modified_gmt":"2016-06-18T13:22:47","slug":"saggio-di-fine-anno-29-maggio-2016","status":"publish","type":"post","link":"https:\/\/www.virtusetlabor.it\/index.php\/2016\/05\/29\/saggio-di-fine-anno-29-maggio-2016\/","title":{"rendered":"Saggio di fine anno &#8211; 29 maggio 2016"},"content":{"rendered":"<h3>Riozzo: si chiude\u00a0l&#8217;anno sportivo con il consueto saggio di fine anno<\/h3>\n<p>29 maggio 2016,<br \/>\nanche per quest&#8217;anno\u00a0si \u00e8 chiusa l&#8217;attivit\u00e0 sportiva con il saggio finale che ha visto tutti gli atleti dei vari corsi esibirsi davanti al numeroso pubblico di genitori, nonni ed amici.<br \/>\nEvento che avrebbe dovuto svolgersi nella caratteristica piazza della Vittoria di Melegnano ma, date le avverse condizioni meteo, la societ\u00e0 \u00e8 stata costretta a cambiare location riparando atleti e spettatori nel vicino palazzetto di Riozzo.<br \/>\nUna festa che ha permesso a tutte le ragazze e ragazzi dei corsi di dare visibilit\u00e0 delle attivit\u00e0 svolte durante l&#8217;anno aggiungendo un tocco di colore con i costumi e le musiche che hanno caratterizzato il tema del saggio: 110 anni in musica.<br \/>\nSono stati ripercorsi i 110 anni di attivit\u00e0 della Virtus et Labor ascoltando le musiche di successo dai primi del &#8216;900 a giorni nostri.<br \/>\nUn&#8217;altra fantastica occasione per festeggiare tutti assieme i nostri 110 anni ed allo stesso tempo non sentirli.<br \/>\nVi aspettiamo tutti per la prossima stagione sportiva\u00a0con tante novit\u00e0 &#8230;&#8230;&#8230;..<\/p>\n<p><img data-recalc-dims=\"1\" loading=\"lazy\" decoding=\"async\" class=\"alignnone wp-image-363 size-medium\" src=\"https:\/\/i0.wp.com\/www.virtusetlabor.it\/wp-content\/uploads\/2016\/05\/Flyer-A3-SAGGIO-DI-FINE-ANNO-x-FB-1.jpg?resize=214%2C300&#038;ssl=1\" alt=\"Flyer A3 SAGGIO DI FINE ANNO\" width=\"214\" height=\"300\" srcset=\"https:\/\/i0.wp.com\/www.virtusetlabor.it\/wp-content\/uploads\/2016\/05\/Flyer-A3-SAGGIO-DI-FINE-ANNO-x-FB-1.jpg?resize=214%2C300&amp;ssl=1 214w, https:\/\/i0.wp.com\/www.virtusetlabor.it\/wp-content\/uploads\/2016\/05\/Flyer-A3-SAGGIO-DI-FINE-ANNO-x-FB-1.jpg?resize=768%2C1076&amp;ssl=1 768w, https:\/\/i0.wp.com\/www.virtusetlabor.it\/wp-content\/uploads\/2016\/05\/Flyer-A3-SAGGIO-DI-FINE-ANNO-x-FB-1.jpg?resize=731%2C1024&amp;ssl=1 731w, https:\/\/i0.wp.com\/www.virtusetlabor.it\/wp-content\/uploads\/2016\/05\/Flyer-A3-SAGGIO-DI-FINE-ANNO-x-FB-1.jpg?resize=1170%2C1640&amp;ssl=1 1170w, https:\/\/i0.wp.com\/www.virtusetlabor.it\/wp-content\/uploads\/2016\/05\/Flyer-A3-SAGGIO-DI-FINE-ANNO-x-FB-1.jpg?w=1680&amp;ssl=1 1680w, https:\/\/i0.wp.com\/www.virtusetlabor.it\/wp-content\/uploads\/2016\/05\/Flyer-A3-SAGGIO-DI-FINE-ANNO-x-FB-1.jpg?w=2520&amp;ssl=1 2520w\" sizes=\"auto, (max-width: 214px) 100vw, 214px\" \/><\/p>\n<p><a href=\"https:\/\/www.virtusetlabor.it\/index.php\/saggio-2016\/\"><img data-recalc-dims=\"1\" loading=\"lazy\" decoding=\"async\" class=\"size-thumbnail wp-image-1100 alignleft\" src=\"https:\/\/i0.wp.com\/www.virtusetlabor.it\/wp-content\/uploads\/2016\/06\/DSC05310.jpg?resize=150%2C150&#038;ssl=1\" alt=\"DSC05310\" width=\"150\" height=\"150\" srcset=\"https:\/\/i0.wp.com\/www.virtusetlabor.it\/wp-content\/uploads\/2016\/06\/DSC05310.jpg?resize=150%2C150&amp;ssl=1 150w, https:\/\/i0.wp.com\/www.virtusetlabor.it\/wp-content\/uploads\/2016\/06\/DSC05310.jpg?zoom=2&amp;resize=150%2C150&amp;ssl=1 300w, https:\/\/i0.wp.com\/www.virtusetlabor.it\/wp-content\/uploads\/2016\/06\/DSC05310.jpg?zoom=3&amp;resize=150%2C150&amp;ssl=1 450w\" sizes=\"auto, (max-width: 150px) 100vw, 150px\" \/><\/a><\/p>\n<p><a href=\"https:\/\/www.virtusetlabor.it\/index.php\/saggio-2016\/\">le immagini\u00a0(galleria)<\/a><\/p>\n<p><a href=\"https:\/\/youtu.be\/Vm1W4MrUnDM\" target=\"_blank\">le immagini (YouTube)<\/a><\/p>\n","protected":false},"excerpt":{"rendered":"<p>Riozzo: si chiude\u00a0l&#8217;anno sportivo con il consueto saggio di fine anno 29 maggio 2016, anche per quest&#8217;anno\u00a0si \u00e8 chiusa l&#8217;attivit\u00e0 sportiva con il saggio finale che ha visto tutti gli atleti dei vari corsi esibirsi davanti al numeroso pubblico di&#8230;<br \/><a class=\"read-more-button\" href=\"https:\/\/www.virtusetlabor.it\/index.php\/2016\/05\/29\/saggio-di-fine-anno-29-maggio-2016\/\">Leggi il seguito<\/a><\/p>\n","protected":false},"author":1,"featured_media":0,"comment_status":"closed","ping_status":"open","sticky":false,"template":"","format":"standard","meta":{"_jetpack_memberships_contains_paid_content":false,"footnotes":""},"categories":[3],"tags":[],"class_list":["post-1024","post","type-post","status-publish","format-standard","hentry","category-news"],"jetpack_featured_media_url":"","jetpack_sharing_enabled":true,"jetpack-related-posts":[{"id":2336,"url":"https:\/\/www.virtusetlabor.it\/index.php\/2019\/06\/08\/saggio-di-fine-anno-25-maggio-2018\/","url_meta":{"origin":1024,"position":0},"title":"Saggio di fine anno &#8211; 25 maggio 2019","author":"virtusadmin","date":"Giugno 8, 2019","format":false,"excerpt":"Riozzo: si festeggia la chiusura dell'anno sportivo di Virtus et Labor 25 maggio 2019 Tutto cominci\u00f2 dal Caos, un enorme ed indistinto nulla. Dal vuoto del Caos apparve Gea (la Terra) che gener\u00f2 a suo volta Urano (il Cielo); dalla loro unione nacquero i Titani tra cui Crono padre di\u2026","rel":"","context":"In &quot;news&quot;","block_context":{"text":"news","link":"https:\/\/www.virtusetlabor.it\/index.php\/category\/news\/"},"img":{"alt_text":"Saggio fine anno 2019","src":"https:\/\/i0.wp.com\/www.virtusetlabor.it\/wp-content\/uploads\/2019\/05\/Saggio-fine-anno-2019-212x300.jpg?resize=350%2C200","width":350,"height":200},"classes":[]},{"id":2203,"url":"https:\/\/www.virtusetlabor.it\/index.php\/2018\/06\/25\/saggio-di-fine-anno-9-giugno-2018\/","url_meta":{"origin":1024,"position":1},"title":"Saggio di fine anno &#8211; 9 giugno 2018","author":"virtusadmin","date":"Giugno 25, 2018","format":false,"excerpt":"Melegnano: Virtus et Labor festeggia la chiusura dell'anno sportivo 9 giugno 2018, una giornata intensa e illuminata dal bel tempo. Gi\u00e0 alle luci del primo mattino \u00e8 cominciata la maratona di preparazione all'ormai atteso saggio di fine anno della Virtus et Labor. Alle 18:30, puntuali pi\u00f9 che mai, si \u00e8\u2026","rel":"","context":"In &quot;news&quot;","block_context":{"text":"news","link":"https:\/\/www.virtusetlabor.it\/index.php\/category\/news\/"},"img":{"alt_text":"Saggio 2018","src":"https:\/\/i0.wp.com\/www.virtusetlabor.it\/wp-content\/uploads\/2018\/05\/Saggio-2018-212x300.jpg?resize=350%2C200","width":350,"height":200},"classes":[]},{"id":3840,"url":"https:\/\/www.virtusetlabor.it\/index.php\/2025\/05\/23\/saggio-di-fine-anno-25-harry-potter\/","url_meta":{"origin":1024,"position":2},"title":"Saggio di fine anno &#8217;25 &#8211; &#8220;Harry Potter&#8221;","author":"virtusadmin","date":"Maggio 23, 2025","format":false,"excerpt":"La nostra societ\u00e0 sportiva \u00e8 lieta di invitarvi al Saggio di Fine Anno 2025, un evento speciale che unisce tecnica, creativit\u00e0 e passione in un\u2019atmosfera ispirata alla magia del mondo di Harry Potter. Luogo: Piazza Vittoria \u2013 Melegnano (MI) Data: Sabato 8 Giugno 2025 Orario di inizio: ore 18:00 Ingresso\u2026","rel":"","context":"In &quot;news&quot;","block_context":{"text":"news","link":"https:\/\/www.virtusetlabor.it\/index.php\/category\/news\/"},"img":{"alt_text":"","src":"https:\/\/i0.wp.com\/www.virtusetlabor.it\/wp-content\/uploads\/2025\/05\/1-e1748013448809.jpg?fit=600%2C849&ssl=1&resize=350%2C200","width":350,"height":200,"srcset":"https:\/\/i0.wp.com\/www.virtusetlabor.it\/wp-content\/uploads\/2025\/05\/1-e1748013448809.jpg?fit=600%2C849&ssl=1&resize=350%2C200 1x, https:\/\/i0.wp.com\/www.virtusetlabor.it\/wp-content\/uploads\/2025\/05\/1-e1748013448809.jpg?fit=600%2C849&ssl=1&resize=525%2C300 1.5x"},"classes":[]},{"id":4003,"url":"https:\/\/www.virtusetlabor.it\/index.php\/2025\/07\/30\/saggio-2025-foto-online-%e2%9a%a1\/","url_meta":{"origin":1024,"position":3},"title":"Saggio 2025 \u26a1 foto online!","author":"virtusadmin","date":"Luglio 30, 2025","format":false,"excerpt":"Ecco finalmente il resoconto fotografico del nostro\u00a0Saggio di Fine Anno ispirato al magico mondo di Harry Potter! \u00c8 stata una giornata straordinaria, piena di incantesimi, emozioni e tanta ginnastica: un vero viaggio tra le sale di Hogwarts, tra scope volanti, mantelli, bacchette e magie di ogni tipo! \u2728 Ringraziamo di\u2026","rel":"","context":"In &quot;news&quot;","block_context":{"text":"news","link":"https:\/\/www.virtusetlabor.it\/index.php\/category\/news\/"},"img":{"alt_text":"","src":"https:\/\/i0.wp.com\/www.virtusetlabor.it\/wp-content\/uploads\/2025\/07\/HarryP_Virtus_locandinaA4-Post-Instagram-45-e1753865790536.jpg?fit=450%2C563&ssl=1&resize=350%2C200","width":350,"height":200},"classes":[]},{"id":3929,"url":"https:\/\/www.virtusetlabor.it\/index.php\/2025\/07\/29\/nuovo-anno-sportivo-con-golee\/","url_meta":{"origin":1024,"position":4},"title":"Nuovo anno sportivo con GOLEE!","author":"virtusadmin","date":"Luglio 29, 2025","format":false,"excerpt":"A partire dal nuovo anno sportivo, la nostra societ\u00e0 utilizzer\u00e0 Golee, una piattaforma digitale progettata per semplificare la gestione delle attivit\u00e0 sportive e offrire maggiore trasparenza e comodit\u00e0 alle famiglie. Con Golee sar\u00e0 possibile: Iscrivere gli atleti direttamente online, da smartphone o computer Gestire documenti, scadenze e comunicazioni in modo\u2026","rel":"","context":"In &quot;golee&quot;","block_context":{"text":"golee","link":"https:\/\/www.virtusetlabor.it\/index.php\/category\/news\/golee\/"},"img":{"alt_text":"","src":"https:\/\/i0.wp.com\/www.virtusetlabor.it\/wp-content\/uploads\/2025\/07\/2-e1753778911543.jpg?fit=450%2C563&ssl=1&resize=350%2C200","width":350,"height":200},"classes":[]},{"id":2063,"url":"https:\/\/www.virtusetlabor.it\/index.php\/2018\/03\/04\/5-trofeo-antonio-marovelli-24-febbraio-2018\/","url_meta":{"origin":1024,"position":5},"title":"5\u00b0 Trofeo Antonio Marovelli &#8211; 24 febbraio 2018","author":"virtusadmin","date":"Marzo 4, 2018","format":false,"excerpt":"Riozzo:\u00a0in campo la quinta edizione del trofeo Antonio Marovelli 24 febbraio 2017, palazzetto dello sport \"Ugo Guazzelli\u201d. Giornata di sport ma soprattutto di divertimento per la Virtus et Labor che, come ogni anno, organizza il \u201cTrofeo Antonio Marovelli\u201d che vede scendere in campo gara le proprie ginnaste e quelle di\u2026","rel":"","context":"In &quot;news&quot;","block_context":{"text":"news","link":"https:\/\/www.virtusetlabor.it\/index.php\/category\/news\/"},"img":{"alt_text":"VOLANTINO A5 5to TROFEO MAROVELLI","src":"https:\/\/i0.wp.com\/www.virtusetlabor.it\/wp-content\/uploads\/2018\/01\/VOLANTINO-A5-5to-TROFEO-MAROVELLI-211x300.jpg?resize=350%2C200","width":350,"height":200},"classes":[]}],"_links":{"self":[{"href":"https:\/\/www.virtusetlabor.it\/index.php\/wp-json\/wp\/v2\/posts\/1024","targetHints":{"allow":["GET"]}}],"collection":[{"href":"https:\/\/www.virtusetlabor.it\/index.php\/wp-json\/wp\/v2\/posts"}],"about":[{"href":"https:\/\/www.virtusetlabor.it\/index.php\/wp-json\/wp\/v2\/types\/post"}],"author":[{"embeddable":true,"href":"https:\/\/www.virtusetlabor.it\/index.php\/wp-json\/wp\/v2\/users\/1"}],"replies":[{"embeddable":true,"href":"https:\/\/www.virtusetlabor.it\/index.php\/wp-json\/wp\/v2\/comments?post=1024"}],"version-history":[{"count":13,"href":"https:\/\/www.virtusetlabor.it\/index.php\/wp-json\/wp\/v2\/posts\/1024\/revisions"}],"predecessor-version":[{"id":1233,"href":"https:\/\/www.virtusetlabor.it\/index.php\/wp-json\/wp\/v2\/posts\/1024\/revisions\/1233"}],"wp:attachment":[{"href":"https:\/\/www.virtusetlabor.it\/index.php\/wp-json\/wp\/v2\/media?parent=1024"}],"wp:term":[{"taxonomy":"category","embeddable":true,"href":"https:\/\/www.virtusetlabor.it\/index.php\/wp-json\/wp\/v2\/categories?post=1024"},{"taxonomy":"post_tag","embeddable":true,"href":"https:\/\/www.virtusetlabor.it\/index.php\/wp-json\/wp\/v2\/tags?post=1024"}],"curies":[{"name":"wp","href":"https:\/\/api.w.org\/{rel}","templated":true}]}}