{"id":3840,"date":"2025-05-23T17:19:32","date_gmt":"2025-05-23T15:19:32","guid":{"rendered":"https:\/\/www.virtusetlabor.it\/?p=3840"},"modified":"2025-05-23T17:19:32","modified_gmt":"2025-05-23T15:19:32","slug":"saggio-di-fine-anno-25-harry-potter","status":"publish","type":"post","link":"https:\/\/www.virtusetlabor.it\/index.php\/2025\/05\/23\/saggio-di-fine-anno-25-harry-potter\/","title":{"rendered":"Saggio di fine anno &#8217;25 &#8211; &#8220;Harry Potter&#8221;"},"content":{"rendered":"<p>La nostra societ\u00e0 sportiva \u00e8 lieta di invitarvi al <strong data-start=\"424\" data-end=\"452\">Saggio di Fine Anno 2025<\/strong>, un evento speciale che unisce tecnica, creativit\u00e0 e passione in un\u2019atmosfera ispirata alla magia del mondo di <strong data-start=\"564\" data-end=\"580\">Harry Potter<\/strong>.<\/p>\n<p data-start=\"870\" data-end=\"1002\">\n<p data-start=\"870\" data-end=\"1002\"><strong data-start=\"870\" data-end=\"880\">Luogo:<\/strong> Piazza Vittoria \u2013 Melegnano (MI)<\/p>\n<p data-start=\"870\" data-end=\"1002\"><strong data-start=\"916\" data-end=\"925\">Data:<\/strong> Sabato 8 Giugno 2025<\/p>\n<p data-start=\"870\" data-end=\"1002\"><strong data-start=\"949\" data-end=\"970\">Orario di inizio:<\/strong> ore 18:00<\/p>\n<p data-start=\"870\" data-end=\"1002\"><strong data-start=\"983\" data-end=\"1002\">Ingresso libero<\/strong><\/p>\n","protected":false},"excerpt":{"rendered":"<p>La nostra societ\u00e0 sportiva \u00e8 lieta di invitarvi al Saggio di Fine Anno 2025, un evento speciale che unisce tecnica, creativit\u00e0 e passione in un\u2019atmosfera ispirata alla magia del mondo di Harry Potter. Luogo: Piazza Vittoria \u2013 Melegnano (MI) Data:&#8230;<br \/><a class=\"read-more-button\" href=\"https:\/\/www.virtusetlabor.it\/index.php\/2025\/05\/23\/saggio-di-fine-anno-25-harry-potter\/\">Leggi il seguito<\/a><\/p>\n","protected":false},"author":1,"featured_media":3841,"comment_status":"closed","ping_status":"open","sticky":false,"template":"","format":"standard","meta":{"_jetpack_memberships_contains_paid_content":false,"footnotes":""},"categories":[3],"tags":[],"class_list":["post-3840","post","type-post","status-publish","format-standard","has-post-thumbnail","hentry","category-news"],"jetpack_featured_media_url":"https:\/\/i0.wp.com\/www.virtusetlabor.it\/wp-content\/uploads\/2025\/05\/1-e1748013448809.jpg?fit=600%2C849&ssl=1","jetpack_sharing_enabled":true,"jetpack-related-posts":[{"id":4003,"url":"https:\/\/www.virtusetlabor.it\/index.php\/2025\/07\/30\/saggio-2025-foto-online-%e2%9a%a1\/","url_meta":{"origin":3840,"position":0},"title":"Saggio 2025 \u26a1 foto online!","author":"virtusadmin","date":"Luglio 30, 2025","format":false,"excerpt":"Ecco finalmente il resoconto fotografico del nostro\u00a0Saggio di Fine Anno ispirato al magico mondo di Harry Potter! \u00c8 stata una giornata straordinaria, piena di incantesimi, emozioni e tanta ginnastica: un vero viaggio tra le sale di Hogwarts, tra scope volanti, mantelli, bacchette e magie di ogni tipo! \u2728 Ringraziamo di\u2026","rel":"","context":"In &quot;news&quot;","block_context":{"text":"news","link":"https:\/\/www.virtusetlabor.it\/index.php\/category\/news\/"},"img":{"alt_text":"","src":"https:\/\/i0.wp.com\/www.virtusetlabor.it\/wp-content\/uploads\/2025\/07\/HarryP_Virtus_locandinaA4-Post-Instagram-45-e1753865790536.jpg?fit=450%2C563&ssl=1&resize=350%2C200","width":350,"height":200},"classes":[]},{"id":1024,"url":"https:\/\/www.virtusetlabor.it\/index.php\/2016\/05\/29\/saggio-di-fine-anno-29-maggio-2016\/","url_meta":{"origin":3840,"position":1},"title":"Saggio di fine anno &#8211; 29 maggio 2016","author":"virtusadmin","date":"Maggio 29, 2016","format":false,"excerpt":"Riozzo: si chiude\u00a0l'anno sportivo con il consueto saggio di fine anno 29 maggio 2016, anche per quest'anno\u00a0si \u00e8 chiusa l'attivit\u00e0 sportiva con il saggio finale che ha visto tutti gli atleti dei vari corsi esibirsi davanti al numeroso pubblico di genitori, nonni ed amici. Evento che avrebbe dovuto svolgersi nella\u2026","rel":"","context":"In &quot;news&quot;","block_context":{"text":"news","link":"https:\/\/www.virtusetlabor.it\/index.php\/category\/news\/"},"img":{"alt_text":"Flyer A3 SAGGIO DI FINE ANNO","src":"https:\/\/i0.wp.com\/www.virtusetlabor.it\/wp-content\/uploads\/2016\/05\/Flyer-A3-SAGGIO-DI-FINE-ANNO-x-FB-1-214x300.jpg?resize=350%2C200","width":350,"height":200},"classes":[]},{"id":2203,"url":"https:\/\/www.virtusetlabor.it\/index.php\/2018\/06\/25\/saggio-di-fine-anno-9-giugno-2018\/","url_meta":{"origin":3840,"position":2},"title":"Saggio di fine anno &#8211; 9 giugno 2018","author":"virtusadmin","date":"Giugno 25, 2018","format":false,"excerpt":"Melegnano: Virtus et Labor festeggia la chiusura dell'anno sportivo 9 giugno 2018, una giornata intensa e illuminata dal bel tempo. Gi\u00e0 alle luci del primo mattino \u00e8 cominciata la maratona di preparazione all'ormai atteso saggio di fine anno della Virtus et Labor. Alle 18:30, puntuali pi\u00f9 che mai, si \u00e8\u2026","rel":"","context":"In &quot;news&quot;","block_context":{"text":"news","link":"https:\/\/www.virtusetlabor.it\/index.php\/category\/news\/"},"img":{"alt_text":"Saggio 2018","src":"https:\/\/i0.wp.com\/www.virtusetlabor.it\/wp-content\/uploads\/2018\/05\/Saggio-2018-212x300.jpg?resize=350%2C200","width":350,"height":200},"classes":[]},{"id":2336,"url":"https:\/\/www.virtusetlabor.it\/index.php\/2019\/06\/08\/saggio-di-fine-anno-25-maggio-2018\/","url_meta":{"origin":3840,"position":3},"title":"Saggio di fine anno &#8211; 25 maggio 2019","author":"virtusadmin","date":"Giugno 8, 2019","format":false,"excerpt":"Riozzo: si festeggia la chiusura dell'anno sportivo di Virtus et Labor 25 maggio 2019 Tutto cominci\u00f2 dal Caos, un enorme ed indistinto nulla. Dal vuoto del Caos apparve Gea (la Terra) che gener\u00f2 a suo volta Urano (il Cielo); dalla loro unione nacquero i Titani tra cui Crono padre di\u2026","rel":"","context":"In &quot;news&quot;","block_context":{"text":"news","link":"https:\/\/www.virtusetlabor.it\/index.php\/category\/news\/"},"img":{"alt_text":"Saggio fine anno 2019","src":"https:\/\/i0.wp.com\/www.virtusetlabor.it\/wp-content\/uploads\/2019\/05\/Saggio-fine-anno-2019-212x300.jpg?resize=350%2C200","width":350,"height":200},"classes":[]},{"id":3366,"url":"https:\/\/www.virtusetlabor.it\/index.php\/2024\/07\/24\/un-anno-di-sport\/","url_meta":{"origin":3840,"position":4},"title":"Un anno di sport","author":"virtusadmin","date":"Luglio 24, 2024","format":false,"excerpt":"Settore specialistico GAF Il 19 luglio si sono conclusi gli allenamenti del settore specialistico di ginnastica artistica. Un\u2019altra stagione sportiva si \u00e8 conclusa con svariate soddisfazioni da parte dei diversi gruppi che la compongono. L\u2019ultima settimana di agosto alcune ginnaste inizieranno la stagione sportiva 2024\/2025 con il collegiale a Ischia\u2026","rel":"","context":"In &quot;news&quot;","block_context":{"text":"news","link":"https:\/\/www.virtusetlabor.it\/index.php\/category\/news\/"},"img":{"alt_text":"","src":"https:\/\/i0.wp.com\/www.virtusetlabor.it\/wp-content\/uploads\/2024\/07\/WhatsApp-Image-2024-07-18-at-16.53.18.jpeg?resize=350%2C200","width":350,"height":200,"srcset":"https:\/\/i0.wp.com\/www.virtusetlabor.it\/wp-content\/uploads\/2024\/07\/WhatsApp-Image-2024-07-18-at-16.53.18.jpeg?resize=350%2C200 1x, https:\/\/i0.wp.com\/www.virtusetlabor.it\/wp-content\/uploads\/2024\/07\/WhatsApp-Image-2024-07-18-at-16.53.18.jpeg?resize=525%2C300 1.5x, https:\/\/i0.wp.com\/www.virtusetlabor.it\/wp-content\/uploads\/2024\/07\/WhatsApp-Image-2024-07-18-at-16.53.18.jpeg?resize=700%2C400 2x"},"classes":[]},{"id":4009,"url":"https:\/\/www.virtusetlabor.it\/index.php\/2025\/09\/01\/anno-sportivo-25-26-iscrizioni-aperte\/","url_meta":{"origin":3840,"position":5},"title":"Anno Sportivo 25\/26: ISCRIZIONI APERTE!","author":"virtusadmin","date":"Settembre 1, 2025","format":false,"excerpt":"A partire dal 1\u00b0 settembre 2025 sono ufficialmente aperte le iscrizioni ai corsi della A.S.D. Virtus et Labor per il nuovo anno sportivo. Per agevolare i nostri Soci e le nuove famiglie, da quest\u2019anno sar\u00e0 possibile compilare ed inviare l\u2019iscrizione anche online tramite la piattaforma Golee, sia per RINNOVI che\u2026","rel":"","context":"In &quot;news&quot;","block_context":{"text":"news","link":"https:\/\/www.virtusetlabor.it\/index.php\/category\/news\/"},"img":{"alt_text":"","src":"https:\/\/i0.wp.com\/www.virtusetlabor.it\/wp-content\/uploads\/2025\/09\/Iscrizioni-e1756720111308.jpg?fit=450%2C563&ssl=1&resize=350%2C200","width":350,"height":200},"classes":[]}],"_links":{"self":[{"href":"https:\/\/www.virtusetlabor.it\/index.php\/wp-json\/wp\/v2\/posts\/3840","targetHints":{"allow":["GET"]}}],"collection":[{"href":"https:\/\/www.virtusetlabor.it\/index.php\/wp-json\/wp\/v2\/posts"}],"about":[{"href":"https:\/\/www.virtusetlabor.it\/index.php\/wp-json\/wp\/v2\/types\/post"}],"author":[{"embeddable":true,"href":"https:\/\/www.virtusetlabor.it\/index.php\/wp-json\/wp\/v2\/users\/1"}],"replies":[{"embeddable":true,"href":"https:\/\/www.virtusetlabor.it\/index.php\/wp-json\/wp\/v2\/comments?post=3840"}],"version-history":[{"count":4,"href":"https:\/\/www.virtusetlabor.it\/index.php\/wp-json\/wp\/v2\/posts\/3840\/revisions"}],"predecessor-version":[{"id":3845,"href":"https:\/\/www.virtusetlabor.it\/index.php\/wp-json\/wp\/v2\/posts\/3840\/revisions\/3845"}],"wp:featuredmedia":[{"embeddable":true,"href":"https:\/\/www.virtusetlabor.it\/index.php\/wp-json\/wp\/v2\/media\/3841"}],"wp:attachment":[{"href":"https:\/\/www.virtusetlabor.it\/index.php\/wp-json\/wp\/v2\/media?parent=3840"}],"wp:term":[{"taxonomy":"category","embeddable":true,"href":"https:\/\/www.virtusetlabor.it\/index.php\/wp-json\/wp\/v2\/categories?post=3840"},{"taxonomy":"post_tag","embeddable":true,"href":"https:\/\/www.virtusetlabor.it\/index.php\/wp-json\/wp\/v2\/tags?post=3840"}],"curies":[{"name":"wp","href":"https:\/\/api.w.org\/{rel}","templated":true}]}}