{"id":4009,"date":"2025-09-01T11:51:33","date_gmt":"2025-09-01T09:51:33","guid":{"rendered":"https:\/\/www.virtusetlabor.it\/?p=4009"},"modified":"2025-10-06T13:15:53","modified_gmt":"2025-10-06T11:15:53","slug":"anno-sportivo-25-26-iscrizioni-aperte","status":"publish","type":"post","link":"https:\/\/www.virtusetlabor.it\/index.php\/2025\/09\/01\/anno-sportivo-25-26-iscrizioni-aperte\/","title":{"rendered":"Anno Sportivo 25\/26: ISCRIZIONI APERTE!"},"content":{"rendered":"<p data-start=\"146\" data-end=\"293\">A partire dal <strong data-start=\"160\" data-end=\"181\">1\u00b0 settembre 2025<\/strong> sono ufficialmente aperte le iscrizioni ai corsi della <strong>A.S.D. Virtus et Labor<\/strong> per il nuovo anno sportivo.<\/p>\n<p data-start=\"295\" data-end=\"445\">Per agevolare i nostri Soci e le nuove famiglie, da quest\u2019anno sar\u00e0 possibile compilare ed inviare l\u2019iscrizione anche online tramite la piattaforma <strong data-start=\"433\" data-end=\"442\">Golee<\/strong>, sia per RINNOVI che per i NUOVI ISCRITTI.<\/p>\n<p data-start=\"447\" data-end=\"595\">Resta comunque attiva la possibilit\u00e0 di iscriversi &#8220;di persona&#8221; presso la nostra <strong data-start=\"528\" data-end=\"536\">Sede<\/strong>, durante tutto il mese di settembre, nei seguenti orari:<\/p>\n<ul data-start=\"596\" data-end=\"694\">\n<li data-start=\"596\" data-end=\"655\">\n<p data-start=\"598\" data-end=\"655\"><strong data-start=\"598\" data-end=\"630\">Luned\u00ec, Mercoled\u00ec e Venerd\u00ec:<\/strong> dalle 18:00 alle 20:00<\/p>\n<\/li>\n<li data-start=\"656\" data-end=\"694\">\n<p data-start=\"658\" data-end=\"694\"><strong data-start=\"658\" data-end=\"669\">Sabato:<\/strong> dalle 10:00 alle 12:00<\/p>\n<\/li>\n<\/ul>\n<p data-start=\"696\" data-end=\"806\">Per qualsiasi informazione aggiuntiva o chiarimento potete scriverci a:  <strong data-start=\"773\" data-end=\"804\"><a class=\"decorated-link cursor-pointer\" rel=\"noopener\" data-start=\"775\" data-end=\"802\">iscrizioni@virtusetlabor.it<\/a><\/strong><\/p>\n<p data-start=\"808\" data-end=\"889\">Vi aspettiamo per iniziare insieme un nuovo anno di sport, crescita e passione.<\/p>\n","protected":false},"excerpt":{"rendered":"<p>A partire dal 1\u00b0 settembre 2025 sono ufficialmente aperte le iscrizioni ai corsi della A.S.D. Virtus et Labor per il nuovo anno sportivo. Per agevolare i nostri Soci e le nuove famiglie, da quest\u2019anno sar\u00e0 possibile compilare ed inviare l\u2019iscrizione&#8230;<br \/><a class=\"read-more-button\" href=\"https:\/\/www.virtusetlabor.it\/index.php\/2025\/09\/01\/anno-sportivo-25-26-iscrizioni-aperte\/\">Leggi il seguito<\/a><\/p>\n","protected":false},"author":1,"featured_media":4010,"comment_status":"closed","ping_status":"open","sticky":false,"template":"","format":"standard","meta":{"_jetpack_memberships_contains_paid_content":false,"footnotes":""},"categories":[3],"tags":[14],"class_list":["post-4009","post","type-post","status-publish","format-standard","has-post-thumbnail","hentry","category-news","tag-iscrizioni"],"jetpack_featured_media_url":"https:\/\/i0.wp.com\/www.virtusetlabor.it\/wp-content\/uploads\/2025\/09\/Iscrizioni-e1756720111308.jpg?fit=450%2C563&ssl=1","jetpack_sharing_enabled":true,"jetpack-related-posts":[{"id":3929,"url":"https:\/\/www.virtusetlabor.it\/index.php\/2025\/07\/29\/nuovo-anno-sportivo-con-golee\/","url_meta":{"origin":4009,"position":0},"title":"Nuovo anno sportivo con GOLEE!","author":"virtusadmin","date":"Luglio 29, 2025","format":false,"excerpt":"A partire dal nuovo anno sportivo, la nostra societ\u00e0 utilizzer\u00e0 Golee, una piattaforma digitale progettata per semplificare la gestione delle attivit\u00e0 sportive e offrire maggiore trasparenza e comodit\u00e0 alle famiglie. Con Golee sar\u00e0 possibile: Iscrivere gli atleti direttamente online, da smartphone o computer Gestire documenti, scadenze e comunicazioni in modo\u2026","rel":"","context":"In &quot;golee&quot;","block_context":{"text":"golee","link":"https:\/\/www.virtusetlabor.it\/index.php\/category\/news\/golee\/"},"img":{"alt_text":"","src":"https:\/\/i0.wp.com\/www.virtusetlabor.it\/wp-content\/uploads\/2025\/07\/2-e1753778911543.jpg?fit=450%2C563&ssl=1&resize=350%2C200","width":350,"height":200},"classes":[]},{"id":3907,"url":"https:\/\/www.virtusetlabor.it\/index.php\/2025\/07\/11\/corso-di-danza-afro-iscrizioni-aperte\/","url_meta":{"origin":4009,"position":1},"title":"Corso di Danza Afro | Iscrizioni aperte","author":"virtusadmin","date":"Luglio 11, 2025","format":false,"excerpt":"Corso di Danza Afro con Percussioni dal Vivo Un'esperienza travolgente di energia e ritmo! Siamo felici di annunciare l'apertura delle iscrizioni per il nuovo anno al corso di Danza Afro con Percussioni dal Vivo, un\u2019occasione unica per riscoprire il movimento in modo potente, libero e intenso. Un mix coinvolgente di\u2026","rel":"","context":"In &quot;news&quot;","block_context":{"text":"news","link":"https:\/\/www.virtusetlabor.it\/index.php\/category\/news\/"},"img":{"alt_text":"","src":"https:\/\/i0.wp.com\/www.virtusetlabor.it\/wp-content\/uploads\/2025\/07\/Immagine-WhatsApp-2025-07-08-ore-19.29.19_969d693a-e1752250184187.jpg?fit=400%2C566&ssl=1&resize=350%2C200","width":350,"height":200},"classes":[]},{"id":3903,"url":"https:\/\/www.virtusetlabor.it\/index.php\/2025\/06\/30\/virtus-open-day-6-e-13-settembre-2025\/","url_meta":{"origin":4009,"position":2},"title":"VIRTUS OPEN DAY | 6 e 13 Settembre 2025","author":"virtusadmin","date":"Giugno 30, 2025","format":false,"excerpt":"Siamo felici di annunciare i nostri Open Day per la nuova stagione sportiva! Sabato 6 e 13 Settembre 2025 Un\u2019occasione perfetta per scoprire e provare i nostri corsi. Programma: h 9:00 - Artistica femminile 5\/8 anni h 9:45 - Artistica femminile 9\/16 anni e artistica maschile 5\/12 anni h 10:30\u2026","rel":"","context":"In &quot;news&quot;","block_context":{"text":"news","link":"https:\/\/www.virtusetlabor.it\/index.php\/category\/news\/"},"img":{"alt_text":"","src":"https:\/\/i0.wp.com\/www.virtusetlabor.it\/wp-content\/uploads\/2025\/06\/4-e1751287927364.jpg?fit=450%2C563&ssl=1&resize=350%2C200","width":350,"height":200},"classes":[]},{"id":2249,"url":"https:\/\/www.virtusetlabor.it\/index.php\/2018\/09\/04\/regolamento-europeo-2016679-trattamento-dei-dati-personali\/","url_meta":{"origin":4009,"position":3},"title":"Regolamento Europeo 2016\/679 &#8211; trattamento dei dati personali","author":"virtusadmin","date":"Settembre 4, 2018","format":false,"excerpt":"Melegnano: Virtus et Labor mette in pratica le disposizioni del GDPR settembre 2018, in concomitanza con l'inizio delle iscrizioni al nuovo anno sportivo 2018-2019 Virtus et Labor mette in pratica le nuove disposizioni in materia di trattamento e tutela dei dati personali. Il primo passo, per questioni pratiche, prevede la\u2026","rel":"","context":"In &quot;news&quot;","block_context":{"text":"news","link":"https:\/\/www.virtusetlabor.it\/index.php\/category\/news\/"},"img":{"alt_text":"GDPR","src":"https:\/\/i0.wp.com\/www.virtusetlabor.it\/wp-content\/uploads\/2018\/09\/GDPR-150x150.jpg?resize=350%2C200","width":350,"height":200},"classes":[]},{"id":3840,"url":"https:\/\/www.virtusetlabor.it\/index.php\/2025\/05\/23\/saggio-di-fine-anno-25-harry-potter\/","url_meta":{"origin":4009,"position":4},"title":"Saggio di fine anno &#8217;25 &#8211; &#8220;Harry Potter&#8221;","author":"virtusadmin","date":"Maggio 23, 2025","format":false,"excerpt":"La nostra societ\u00e0 sportiva \u00e8 lieta di invitarvi al Saggio di Fine Anno 2025, un evento speciale che unisce tecnica, creativit\u00e0 e passione in un\u2019atmosfera ispirata alla magia del mondo di Harry Potter. Luogo: Piazza Vittoria \u2013 Melegnano (MI) Data: Sabato 8 Giugno 2025 Orario di inizio: ore 18:00 Ingresso\u2026","rel":"","context":"In &quot;news&quot;","block_context":{"text":"news","link":"https:\/\/www.virtusetlabor.it\/index.php\/category\/news\/"},"img":{"alt_text":"","src":"https:\/\/i0.wp.com\/www.virtusetlabor.it\/wp-content\/uploads\/2025\/05\/1-e1748013448809.jpg?fit=600%2C849&ssl=1&resize=350%2C200","width":350,"height":200,"srcset":"https:\/\/i0.wp.com\/www.virtusetlabor.it\/wp-content\/uploads\/2025\/05\/1-e1748013448809.jpg?fit=600%2C849&ssl=1&resize=350%2C200 1x, https:\/\/i0.wp.com\/www.virtusetlabor.it\/wp-content\/uploads\/2025\/05\/1-e1748013448809.jpg?fit=600%2C849&ssl=1&resize=525%2C300 1.5x"},"classes":[]},{"id":3286,"url":"https:\/\/www.virtusetlabor.it\/index.php\/2024\/08\/19\/safeguarding-office\/","url_meta":{"origin":4009,"position":5},"title":"Safeguarding Office","author":"virtusadmin","date":"Agosto 19, 2024","format":false,"excerpt":"Melegnano: Virtus et Labor mette in pratica le disposizioni in materia di Safeguarding Office. Con l\u2019avvio delle iscrizioni al nuovo anno sportivo 2024-2025 la Virtus et Labor mette in azione le disposizioni in materia di Safeguarding Office. Il decreto Legislativo del 28 febbraio 2021 n. 39 incentiva la creazione di\u2026","rel":"","context":"In &quot;news&quot;","block_context":{"text":"news","link":"https:\/\/www.virtusetlabor.it\/index.php\/category\/news\/"},"img":{"alt_text":"","src":"","width":0,"height":0},"classes":[]}],"_links":{"self":[{"href":"https:\/\/www.virtusetlabor.it\/index.php\/wp-json\/wp\/v2\/posts\/4009","targetHints":{"allow":["GET"]}}],"collection":[{"href":"https:\/\/www.virtusetlabor.it\/index.php\/wp-json\/wp\/v2\/posts"}],"about":[{"href":"https:\/\/www.virtusetlabor.it\/index.php\/wp-json\/wp\/v2\/types\/post"}],"author":[{"embeddable":true,"href":"https:\/\/www.virtusetlabor.it\/index.php\/wp-json\/wp\/v2\/users\/1"}],"replies":[{"embeddable":true,"href":"https:\/\/www.virtusetlabor.it\/index.php\/wp-json\/wp\/v2\/comments?post=4009"}],"version-history":[{"count":3,"href":"https:\/\/www.virtusetlabor.it\/index.php\/wp-json\/wp\/v2\/posts\/4009\/revisions"}],"predecessor-version":[{"id":4013,"href":"https:\/\/www.virtusetlabor.it\/index.php\/wp-json\/wp\/v2\/posts\/4009\/revisions\/4013"}],"wp:featuredmedia":[{"embeddable":true,"href":"https:\/\/www.virtusetlabor.it\/index.php\/wp-json\/wp\/v2\/media\/4010"}],"wp:attachment":[{"href":"https:\/\/www.virtusetlabor.it\/index.php\/wp-json\/wp\/v2\/media?parent=4009"}],"wp:term":[{"taxonomy":"category","embeddable":true,"href":"https:\/\/www.virtusetlabor.it\/index.php\/wp-json\/wp\/v2\/categories?post=4009"},{"taxonomy":"post_tag","embeddable":true,"href":"https:\/\/www.virtusetlabor.it\/index.php\/wp-json\/wp\/v2\/tags?post=4009"}],"curies":[{"name":"wp","href":"https:\/\/api.w.org\/{rel}","templated":true}]}}