{"id":4296,"date":"2026-09-01T16:01:07","date_gmt":"2026-09-01T14:01:07","guid":{"rendered":"https:\/\/www.virtusetlabor.it\/?p=4296"},"modified":"2026-09-01T16:01:37","modified_gmt":"2026-09-01T14:01:37","slug":"lesclusiva-t-shirt-del-nostro-120-anniversario-con-artemide-e-disponibile-per-tutti","status":"publish","type":"post","link":"https:\/\/www.virtusetlabor.it\/index.php\/2026\/09\/01\/lesclusiva-t-shirt-del-nostro-120-anniversario-con-artemide-e-disponibile-per-tutti\/","title":{"rendered":"L&#8217;Esclusiva T-Shirt del nostro 120\u00b0 Anniversario con Artemide \u00e8 disponibile per tutti!"},"content":{"rendered":"<p data-path-to-node=\"17\"><b data-path-to-node=\"17\" data-index-in-node=\"0\">Ce lo avete chiesto in tantissimi in questi mesi e finalmente siamo felici di poter esaudire il vostro desiderio!<\/b><\/p>\n<p data-path-to-node=\"18\">Siamo orgogliosi di comunicare che l\u2019esclusiva <b data-path-to-node=\"18\" data-index-in-node=\"148\">Maglietta Celebrativa dei 120 Anni<\/b>, impreziosita dalla grafica della nostra mascotte <b data-path-to-node=\"18\" data-index-in-node=\"239\">Artemide <\/b>\u00e8 disponibile all&#8217;ordine per tutti..<\/p>\n<p data-path-to-node=\"18\">La T-shirt \u00e8 disponibile in <b data-path-to-node=\"18\" data-index-in-node=\"277\">tutte le taglie, sia per bambino che per adulto<\/b>, per vestire tutta la grande famiglia della Virtus et Labor!<\/p>\n<p data-path-to-node=\"19\">Un capo unico e in edizione limitata, pensato per tutti i nostri atleti, le famiglie, i soci e i sostenitori che desiderano indossare con orgoglio la storia, la passione e i valori della nostra societ\u00e0, dentro e fuori dal campo d&#8217;allenamento.<\/p>\n<h3 data-path-to-node=\"21\">&#x1f4cb; Come ordinare la tua maglietta<\/h3>\n<p data-path-to-node=\"22\">Per permettere a tutti di riservare la propria taglia, la vendita avverr\u00e0 tramite preordine seguendo questi semplici passaggi:<\/p>\n<ol start=\"1\" data-path-to-node=\"23\">\n<li>\n<p data-path-to-node=\"23,0,0\"><b data-path-to-node=\"23,0,0\" data-index-in-node=\"0\">Compilazione del modulo:<\/b> Accedi al form dedicato, seleziona la taglia e inserisci i dati richiesti tramite il seguente link: <a class=\"ng-star-inserted\" href=\"https:\/\/forms.gle\/5jXw7XLPkQgHAJgu5\" target=\"_blank\" rel=\"noopener\" data-hveid=\"0\" data-ved=\"0CAAQ_4QMahgKEwi98YeDvM2WAxUAAAAAHQAAAAAQswE\">Modulo d&#8217;ordine T-Shirt 120\u00b0 Anniversario<\/a>.<\/p>\n<\/li>\n<li>\n<p data-path-to-node=\"23,1,0\"><b data-path-to-node=\"23,1,0\" data-index-in-node=\"0\">Pagamento:<\/b> Completa l&#8217;ordine effettuando il pagamento tramite <b data-path-to-node=\"23,1,0\" data-index-in-node=\"62\">bonifico bancario<\/b>. I dettagli e le coordinate IBAN sono riportati all&#8217;interno del modulo d&#8217;ordine.<\/p>\n<\/li>\n<\/ol>\n<h3 data-path-to-node=\"25\">&#x23f1;&#xfe0f; Tempistiche di raccolta ordini e consegna<\/h3>\n<ul data-path-to-node=\"26\">\n<li>\n<p data-path-to-node=\"26,0,0\"><b data-path-to-node=\"26,0,0\" data-index-in-node=\"0\">Periodo di prenotazione:<\/b> Gli ordini saranno raccolti <b data-path-to-node=\"26,0,0\" data-index-in-node=\"53\">esclusivamente durante il mese di settembre<\/b>.<\/p>\n<\/li>\n<li>\n<p data-path-to-node=\"26,1,0\"><b data-path-to-node=\"26,1,0\" data-index-in-node=\"0\">Ritiro:<\/b> Una volta terminata la produzione e quando le magliette saranno disponibili in sede, pubblicheremo una comunicazione ufficiale e invieremo una notifica con tutte le indicazioni per il ritiro.<\/p>\n<\/li>\n<\/ul>\n<p data-path-to-node=\"27\">Non perdere l&#8217;occasione di far parte di questo importante momento storico: <b data-path-to-node=\"27\" data-index-in-node=\"75\">prenota la tua T-Shirt entro la fine di settembre!<\/b><\/p>\n<p data-path-to-node=\"27\"><a href=\"https:\/\/i0.wp.com\/www.virtusetlabor.it\/wp-content\/uploads\/2026\/09\/T_Shirt-order.jpg?ssl=1\"><img data-recalc-dims=\"1\" loading=\"lazy\" decoding=\"async\" class=\"aligncenter  wp-image-4298\" src=\"https:\/\/i0.wp.com\/www.virtusetlabor.it\/wp-content\/uploads\/2026\/09\/T_Shirt-order.jpg?resize=472%2C590&#038;ssl=1\" alt=\"\" width=\"472\" height=\"590\" srcset=\"https:\/\/i0.wp.com\/www.virtusetlabor.it\/wp-content\/uploads\/2026\/09\/T_Shirt-order.jpg?resize=240%2C300&amp;ssl=1 240w, https:\/\/i0.wp.com\/www.virtusetlabor.it\/wp-content\/uploads\/2026\/09\/T_Shirt-order.jpg?resize=819%2C1024&amp;ssl=1 819w, https:\/\/i0.wp.com\/www.virtusetlabor.it\/wp-content\/uploads\/2026\/09\/T_Shirt-order.jpg?resize=768%2C960&amp;ssl=1 768w, https:\/\/i0.wp.com\/www.virtusetlabor.it\/wp-content\/uploads\/2026\/09\/T_Shirt-order.jpg?w=1080&amp;ssl=1 1080w\" sizes=\"auto, (max-width: 472px) 100vw, 472px\" \/><\/a><\/p>\n","protected":false},"excerpt":{"rendered":"<p>Ce lo avete chiesto in tantissimi in questi mesi e finalmente siamo felici di poter esaudire il vostro desiderio! Siamo orgogliosi di comunicare che l\u2019esclusiva Maglietta Celebrativa dei 120 Anni, impreziosita dalla grafica della nostra mascotte Artemide \u00e8 disponibile all&#8217;ordine&#8230;<br \/><a class=\"read-more-button\" href=\"https:\/\/www.virtusetlabor.it\/index.php\/2026\/09\/01\/lesclusiva-t-shirt-del-nostro-120-anniversario-con-artemide-e-disponibile-per-tutti\/\">Leggi il seguito<\/a><\/p>\n","protected":false},"author":1,"featured_media":4297,"comment_status":"closed","ping_status":"open","sticky":true,"template":"","format":"standard","meta":{"_jetpack_newsletter_access":"","_jetpack_dont_email_post_to_subs":false,"_jetpack_newsletter_tier_id":0,"_jetpack_memberships_contains_paywalled_content":false,"_jetpack_feature_clip_id":0,"_jetpack_memberships_contains_paid_content":false,"footnotes":"","jetpack_post_was_ever_published":false},"categories":[50,3],"tags":[],"class_list":["post-4296","post","type-post","status-publish","format-standard","has-post-thumbnail","hentry","category-anniversario-120","category-news"],"jetpack_sharing_enabled":true,"jetpack-related-posts":[{"id":4138,"url":"https:\/\/www.virtusetlabor.it\/index.php\/2026\/01\/25\/artemide-e-la-mascotte-ufficiale-dei-120-anni\/","url_meta":{"origin":4296,"position":0},"title":"Artemide \u00e8 la Mascotte Ufficiale dei 120 Anni!","author":"virtusadmin","date":"Gennaio 25, 2026","format":false,"excerpt":"Si \u00e8 concluso il concorso creativo per l'anniversario societario: vince il progetto di Gaia Aretosi. La lince \"Artemide\" diventer\u00e0 il simbolo vivente della nostra storia. Dopo settimane di grande partecipazione, creativit\u00e0 e tantissimi voti raccolti tra i nostri canali social e il portale ufficiale, la A.S.D. Virtus et Labor \u00e8\u2026","rel":"","context":"In &quot;Anniversario 120&quot;","block_context":{"text":"Anniversario 120","link":"https:\/\/www.virtusetlabor.it\/index.php\/category\/news\/anniversario-120\/"},"img":{"alt_text":"","src":"https:\/\/i0.wp.com\/www.virtusetlabor.it\/wp-content\/uploads\/2026\/03\/Header_News-Sito.jpg?fit=1068%2C534&ssl=1&resize=350%2C200","width":350,"height":200,"srcset":"https:\/\/i0.wp.com\/www.virtusetlabor.it\/wp-content\/uploads\/2026\/03\/Header_News-Sito.jpg?fit=1068%2C534&ssl=1&resize=350%2C200 1x, https:\/\/i0.wp.com\/www.virtusetlabor.it\/wp-content\/uploads\/2026\/03\/Header_News-Sito.jpg?fit=1068%2C534&ssl=1&resize=525%2C300 1.5x, https:\/\/i0.wp.com\/www.virtusetlabor.it\/wp-content\/uploads\/2026\/03\/Header_News-Sito.jpg?fit=1068%2C534&ssl=1&resize=700%2C400 2x, https:\/\/i0.wp.com\/www.virtusetlabor.it\/wp-content\/uploads\/2026\/03\/Header_News-Sito.jpg?fit=1068%2C534&ssl=1&resize=1050%2C600 3x"},"classes":[]},{"id":4157,"url":"https:\/\/www.virtusetlabor.it\/index.php\/2026\/05\/11\/stage-esclusivo-con-ilaria-colombo-per-il-120-anniversario-della-societa\/","url_meta":{"origin":4296,"position":1},"title":"Stage esclusivo con Ilaria Colombo per il 120\u00b0 anniversario della societ\u00e0","author":"virtusadmin","date":"Maggio 11, 2026","format":false,"excerpt":"In occasione del 120\u00b0 anniversario della nostra societ\u00e0 sportiva, siamo orgogliosi di organizzare uno stage esclusivo dedicato agli iscritti della sezione di ginnastica artistica, che vedr\u00e0 la partecipazione di un\u2019ospite d\u2019eccezione: Ilaria Colombo, ex ginnasta della Nazionale italiana, oggi commentatrice, allenatrice e giudice federale. \u00a0Date: Domenica 17 & 24 Maggio\u2026","rel":"","context":"In &quot;Anniversario 120&quot;","block_context":{"text":"Anniversario 120","link":"https:\/\/www.virtusetlabor.it\/index.php\/category\/news\/anniversario-120\/"},"img":{"alt_text":"","src":"https:\/\/i0.wp.com\/www.virtusetlabor.it\/wp-content\/uploads\/2026\/05\/Stage-Blanchi-Colombo-Post-Instagram-45-e1778494161370.jpg?fit=750%2C938&ssl=1&resize=350%2C200","width":350,"height":200,"srcset":"https:\/\/i0.wp.com\/www.virtusetlabor.it\/wp-content\/uploads\/2026\/05\/Stage-Blanchi-Colombo-Post-Instagram-45-e1778494161370.jpg?fit=750%2C938&ssl=1&resize=350%2C200 1x, https:\/\/i0.wp.com\/www.virtusetlabor.it\/wp-content\/uploads\/2026\/05\/Stage-Blanchi-Colombo-Post-Instagram-45-e1778494161370.jpg?fit=750%2C938&ssl=1&resize=525%2C300 1.5x, https:\/\/i0.wp.com\/www.virtusetlabor.it\/wp-content\/uploads\/2026\/05\/Stage-Blanchi-Colombo-Post-Instagram-45-e1778494161370.jpg?fit=750%2C938&ssl=1&resize=700%2C400 2x"},"classes":[]},{"id":4119,"url":"https:\/\/www.virtusetlabor.it\/index.php\/2026\/01\/08\/scegli-la-mascotte-dei-120-anni-ecco-i-3-finalisti\/","url_meta":{"origin":4296,"position":2},"title":"Scegli la Mascotte dei 120 anni: ecco i 3 Finalisti!","author":"virtusadmin","date":"Gennaio 8, 2026","format":false,"excerpt":"Siamo arrivati al momento pi\u00f9 emozionante del nostro concorso! Dopo aver ricevuto tantissimi disegni carichi di passione e fantasia, la commissione ha selezionato le tre opere finaliste: \u2728 ARTEMIDE (di Gaia Aretosi): Una lince agile, elegante e costante. Il suo nome richiama la dea protettrice degli animali, mentre il suo\u2026","rel":"","context":"In &quot;Anniversario 120&quot;","block_context":{"text":"Anniversario 120","link":"https:\/\/www.virtusetlabor.it\/index.php\/category\/news\/anniversario-120\/"},"img":{"alt_text":"","src":"https:\/\/i0.wp.com\/www.virtusetlabor.it\/wp-content\/uploads\/2026\/01\/Header_News-Sito_VOTA-VINCITORE.png?fit=1068%2C534&ssl=1&resize=350%2C200","width":350,"height":200,"srcset":"https:\/\/i0.wp.com\/www.virtusetlabor.it\/wp-content\/uploads\/2026\/01\/Header_News-Sito_VOTA-VINCITORE.png?fit=1068%2C534&ssl=1&resize=350%2C200 1x, https:\/\/i0.wp.com\/www.virtusetlabor.it\/wp-content\/uploads\/2026\/01\/Header_News-Sito_VOTA-VINCITORE.png?fit=1068%2C534&ssl=1&resize=525%2C300 1.5x, https:\/\/i0.wp.com\/www.virtusetlabor.it\/wp-content\/uploads\/2026\/01\/Header_News-Sito_VOTA-VINCITORE.png?fit=1068%2C534&ssl=1&resize=700%2C400 2x, https:\/\/i0.wp.com\/www.virtusetlabor.it\/wp-content\/uploads\/2026\/01\/Header_News-Sito_VOTA-VINCITORE.png?fit=1068%2C534&ssl=1&resize=1050%2C600 3x"},"classes":[]},{"id":4147,"url":"https:\/\/www.virtusetlabor.it\/index.php\/2026\/04\/14\/stage-con-elisa-blanchi-per-il-120-anniversario-della-societa\/","url_meta":{"origin":4296,"position":3},"title":"Stage con Elisa Blanchi per il 120\u00b0 anniversario della Societ\u00e0","author":"virtusadmin","date":"Aprile 14, 2026","format":false,"excerpt":"In occasione delle celebrazioni per il 120\u00b0 anniversario della nostra Societ\u00e0 Sportiva, siamo orgogliosi di annunciare l\u2019organizzazione di uno stage esclusivo dedicato alle iscritte della Sezione Ginnastica Ritmica, che vedr\u00e0 la partecipazione straordinaria dell\u2019ex ginnasta azzurra Elisa Blanchi. L\u2019iniziativa rappresenta un momento speciale all\u2019interno del programma celebrativo dell\u2019anniversario e offre\u2026","rel":"","context":"In &quot;Anniversario 120&quot;","block_context":{"text":"Anniversario 120","link":"https:\/\/www.virtusetlabor.it\/index.php\/category\/news\/anniversario-120\/"},"img":{"alt_text":"","src":"https:\/\/i0.wp.com\/www.virtusetlabor.it\/wp-content\/uploads\/2026\/04\/Stage-Blanchi-Post-Instagram-45-e1776179731211.jpg?fit=720%2C900&ssl=1&resize=350%2C200","width":350,"height":200,"srcset":"https:\/\/i0.wp.com\/www.virtusetlabor.it\/wp-content\/uploads\/2026\/04\/Stage-Blanchi-Post-Instagram-45-e1776179731211.jpg?fit=720%2C900&ssl=1&resize=350%2C200 1x, https:\/\/i0.wp.com\/www.virtusetlabor.it\/wp-content\/uploads\/2026\/04\/Stage-Blanchi-Post-Instagram-45-e1776179731211.jpg?fit=720%2C900&ssl=1&resize=525%2C300 1.5x, https:\/\/i0.wp.com\/www.virtusetlabor.it\/wp-content\/uploads\/2026\/04\/Stage-Blanchi-Post-Instagram-45-e1776179731211.jpg?fit=720%2C900&ssl=1&resize=700%2C400 2x"},"classes":[]},{"id":4151,"url":"https:\/\/www.virtusetlabor.it\/index.php\/2026\/05\/08\/120-anni-di-storia-al-castello-mediceo-una-serata-con-le-stelle-della-ginnastica-azzurra\/","url_meta":{"origin":4296,"position":4},"title":"120 Anni di Storia: Al Castello Mediceo una serata con le stelle della Ginnastica Azzurra","author":"virtusadmin","date":"Maggio 8, 2026","format":false,"excerpt":"Nel prestigioso programma di eventi dedicati alle celebrazioni per il nostro 120\u00b0 anniversario, la Societ\u00e0 \u00e8 orgogliosa di annunciare un appuntamento di assoluto rilievo tecnico e culturale. Domenica 24 maggio, alle ore 21:00, la splendida cornice della Sala delle Battaglie presso il Castello Mediceo di Melegnano ospiter\u00e0 l'incontro: \"Oltre la\u2026","rel":"","context":"In &quot;Anniversario 120&quot;","block_context":{"text":"Anniversario 120","link":"https:\/\/www.virtusetlabor.it\/index.php\/category\/news\/anniversario-120\/"},"img":{"alt_text":"","src":"https:\/\/i0.wp.com\/www.virtusetlabor.it\/wp-content\/uploads\/2026\/05\/Oltre-la-pedana-e1778252287164.jpg?fit=750%2C1061&ssl=1&resize=350%2C200","width":350,"height":200,"srcset":"https:\/\/i0.wp.com\/www.virtusetlabor.it\/wp-content\/uploads\/2026\/05\/Oltre-la-pedana-e1778252287164.jpg?fit=750%2C1061&ssl=1&resize=350%2C200 1x, https:\/\/i0.wp.com\/www.virtusetlabor.it\/wp-content\/uploads\/2026\/05\/Oltre-la-pedana-e1778252287164.jpg?fit=750%2C1061&ssl=1&resize=525%2C300 1.5x, https:\/\/i0.wp.com\/www.virtusetlabor.it\/wp-content\/uploads\/2026\/05\/Oltre-la-pedana-e1778252287164.jpg?fit=750%2C1061&ssl=1&resize=700%2C400 2x"},"classes":[]},{"id":4207,"url":"https:\/\/www.virtusetlabor.it\/index.php\/2026\/06\/03\/120-anni-di-virtus-et-labor-sulle-pagine-de-il-melegnanese\/","url_meta":{"origin":4296,"position":5},"title":"120 anni di Virtus et Labor sulle pagine de &#8220;Il Melegnanese&#8221;","author":"virtusadmin","date":"Giugno 3, 2026","format":false,"excerpt":"Il 2026 segna una tappa fondamentale per la nostra societ\u00e0: la Virtus et Labor festeggia i suoi 120 anni di attivit\u00e0. Un traguardo straordinario, fatto di passione, sacrifici e successi, che il quindicinale Il Melegnanese ha voluto onorare con un bellissimo articolo speciale nel suo ultimo numero. Dal 1906 a\u2026","rel":"","context":"In &quot;Anniversario 120&quot;","block_context":{"text":"Anniversario 120","link":"https:\/\/www.virtusetlabor.it\/index.php\/category\/news\/anniversario-120\/"},"img":{"alt_text":"","src":"https:\/\/i0.wp.com\/www.virtusetlabor.it\/wp-content\/uploads\/2026\/06\/Header_News-Sito_melegnanese.jpg?fit=1068%2C534&ssl=1&resize=350%2C200","width":350,"height":200,"srcset":"https:\/\/i0.wp.com\/www.virtusetlabor.it\/wp-content\/uploads\/2026\/06\/Header_News-Sito_melegnanese.jpg?fit=1068%2C534&ssl=1&resize=350%2C200 1x, https:\/\/i0.wp.com\/www.virtusetlabor.it\/wp-content\/uploads\/2026\/06\/Header_News-Sito_melegnanese.jpg?fit=1068%2C534&ssl=1&resize=525%2C300 1.5x, https:\/\/i0.wp.com\/www.virtusetlabor.it\/wp-content\/uploads\/2026\/06\/Header_News-Sito_melegnanese.jpg?fit=1068%2C534&ssl=1&resize=700%2C400 2x, https:\/\/i0.wp.com\/www.virtusetlabor.it\/wp-content\/uploads\/2026\/06\/Header_News-Sito_melegnanese.jpg?fit=1068%2C534&ssl=1&resize=1050%2C600 3x"},"classes":[]}],"jetpack_featured_media_url":"https:\/\/i0.wp.com\/www.virtusetlabor.it\/wp-content\/uploads\/2026\/09\/Header_News-Sito_t-shirt.jpg?fit=1068%2C534&ssl=1","_links":{"self":[{"href":"https:\/\/www.virtusetlabor.it\/index.php\/wp-json\/wp\/v2\/posts\/4296","targetHints":{"allow":["GET"]}}],"collection":[{"href":"https:\/\/www.virtusetlabor.it\/index.php\/wp-json\/wp\/v2\/posts"}],"about":[{"href":"https:\/\/www.virtusetlabor.it\/index.php\/wp-json\/wp\/v2\/types\/post"}],"author":[{"embeddable":true,"href":"https:\/\/www.virtusetlabor.it\/index.php\/wp-json\/wp\/v2\/users\/1"}],"replies":[{"embeddable":true,"href":"https:\/\/www.virtusetlabor.it\/index.php\/wp-json\/wp\/v2\/comments?post=4296"}],"version-history":[{"count":1,"href":"https:\/\/www.virtusetlabor.it\/index.php\/wp-json\/wp\/v2\/posts\/4296\/revisions"}],"predecessor-version":[{"id":4299,"href":"https:\/\/www.virtusetlabor.it\/index.php\/wp-json\/wp\/v2\/posts\/4296\/revisions\/4299"}],"wp:featuredmedia":[{"embeddable":true,"href":"https:\/\/www.virtusetlabor.it\/index.php\/wp-json\/wp\/v2\/media\/4297"}],"wp:attachment":[{"href":"https:\/\/www.virtusetlabor.it\/index.php\/wp-json\/wp\/v2\/media?parent=4296"}],"wp:term":[{"taxonomy":"category","embeddable":true,"href":"https:\/\/www.virtusetlabor.it\/index.php\/wp-json\/wp\/v2\/categories?post=4296"},{"taxonomy":"post_tag","embeddable":true,"href":"https:\/\/www.virtusetlabor.it\/index.php\/wp-json\/wp\/v2\/tags?post=4296"}],"curies":[{"name":"wp","href":"https:\/\/api.w.org\/{rel}","templated":true}]}}