{"id":4300,"date":"2026-09-04T23:00:42","date_gmt":"2026-09-04T21:00:42","guid":{"rendered":"https:\/\/www.virtusetlabor.it\/?p=4300"},"modified":"2026-09-04T23:00:42","modified_gmt":"2026-09-04T21:00:42","slug":"festa-dello-sport-2026","status":"publish","type":"post","link":"https:\/\/www.virtusetlabor.it\/index.php\/2026\/09\/04\/festa-dello-sport-2026\/","title":{"rendered":"Festa dello sport 2026"},"content":{"rendered":"<p id=\"p-rc_6c3fe4abb2af4fda-22\" data-path-to-node=\"3\"><span class=\"citation-5\">Torna uno degli appuntamenti pi\u00f9 attesi della stagione: da <\/span><b data-path-to-node=\"3\" data-index-in-node=\"59\"><span class=\"citation-5\">venerd\u00ec 4 a domenica 6 settembre 2026<\/span><\/b><span class=\"citation-5\"> la Citt\u00e0 di Melegnano celebra lo sport, la partecipazione e i valori educativi del territorio con la tradizionale <\/span><b data-path-to-node=\"3\" data-index-in-node=\"211\"><span class=\"citation-5\">Festa dello Sport<\/span><\/b><span class=\"citation-5 citation-end-5\">.<\/span><\/p>\n<p id=\"p-rc_6c3fe4abb2af4fda-23\" data-path-to-node=\"4\"><span class=\"citation-4\">La nostra societ\u00e0 sar\u00e0 presente durante tutto il fine settimana con i propri istruttori, dirigenti e atleti per farvi conoscere da vicino il mondo della <\/span><b data-path-to-node=\"4\" data-index-in-node=\"168\"><span class=\"citation-4\">ginnastica artistica<\/span><\/b><span class=\"citation-4\"> e della <\/span><b data-path-to-node=\"4\" data-index-in-node=\"197\"><span class=\"citation-4\">ginnastica ritmica<\/span><\/b><span class=\"citation-4 citation-end-4\">.<\/span><\/p>\n<h3 data-path-to-node=\"6\">&#x1f4cd; Il Programma delle Nostre Attivit\u00e0<\/h3>\n<h4 data-path-to-node=\"7\">Sabato 5 e Domenica 6 Settembre | Stand societario al Castello<\/h4>\n<p data-path-to-node=\"8\">Ci troverete con il nostro stand informativo all&#8217;interno del suggestivo <b data-path-to-node=\"8\" data-index-in-node=\"72\">Giardino all\u2019Italiana del Castello di Melegnano<\/b>.<\/p>\n<ul data-path-to-node=\"9\">\n<li>\n<p data-path-to-node=\"9,0,0\"><b data-path-to-node=\"9,0,0\" data-index-in-node=\"0\">Info Corsi 2026\/2027:<\/b> Il nostro staff sar\u00e0 a disposizione per fornire tutte le informazioni sui nuovi corsi in partenza, gli orari e le modalit\u00e0 di iscrizione.<\/p>\n<\/li>\n<li>\n<p data-path-to-node=\"9,1,0\"><b data-path-to-node=\"9,1,0\" data-index-in-node=\"0\">Prova Attrezzi &amp; Baby Gym:<\/b> Per l&#8217;occasione allestiremo un\u2019area di prova con i nostri attrezzi e uno speciale <b data-path-to-node=\"9,1,0\" data-index-in-node=\"109\">percorso dinamico di Baby Gym<\/b>, pensato per far divertire ed avvicinare al movimento anche i bimbi pi\u00f9 piccoli!<\/p>\n<\/li>\n<\/ul>\n<h4 data-path-to-node=\"10\">&#x1f31f; Sabato 5 Settembre (Sera) | Gal\u00e0 dello Sport in Piazza Vittoria<\/h4>\n<ul data-path-to-node=\"12\">\n<li>\n<p data-path-to-node=\"12,0,0\"><b data-path-to-node=\"12,0,0\" data-index-in-node=\"0\">Esibizione dal vivo:<\/b> Il nostro gruppo di <b data-path-to-node=\"12,0,0\" data-index-in-node=\"41\">Ginnastica Ritmica Promozionale<\/b><\/p>\n<\/li>\n<li>\n<p data-path-to-node=\"12,1,0\"><b data-path-to-node=\"12,1,0\" data-index-in-node=\"0\">Premiazione Ufficiale:<\/b> grande orgoglio per la nostra societ\u00e0 durante la cerimonia del Gal\u00e0, dove verr\u00e0 premiato il gruppo dell\u2019<b data-path-to-node=\"12,1,0\" data-index-in-node=\"127\">Artistica Maschile Silver<\/b> per i risultati conseguiti.<\/p>\n<\/li>\n<\/ul>\n<h3 data-path-to-node=\"14\">Vi Aspettiamo!<\/h3>\n<p id=\"p-rc_6c3fe4abb2af4fda-24\" data-path-to-node=\"15\"><span class=\"citation-3 citation-end-3\">La Festa dello Sport \u00e8 un\u2019occasione straordinaria per vivere insieme delle giornate all&#8217;insegna dell&#8217;aggregazione, del benessere e della passione sportiva.<\/span><\/p>\n<p data-path-to-node=\"16\">Venite a trovarci al nostro stand per conoscerci, fare domande o anche solo per fare un saluto!<\/p>\n","protected":false},"excerpt":{"rendered":"<p>Torna uno degli appuntamenti pi\u00f9 attesi della stagione: da venerd\u00ec 4 a domenica 6 settembre 2026 la Citt\u00e0 di Melegnano celebra lo sport, la partecipazione e i valori educativi del territorio con la tradizionale Festa dello Sport. La nostra societ\u00e0&#8230;<br \/><a class=\"read-more-button\" href=\"https:\/\/www.virtusetlabor.it\/index.php\/2026\/09\/04\/festa-dello-sport-2026\/\">Leggi il seguito<\/a><\/p>\n","protected":false},"author":1,"featured_media":4301,"comment_status":"closed","ping_status":"open","sticky":false,"template":"","format":"standard","meta":{"_jetpack_newsletter_access":"","_jetpack_dont_email_post_to_subs":false,"_jetpack_newsletter_tier_id":0,"_jetpack_memberships_contains_paywalled_content":false,"_jetpack_feature_clip_id":0,"_jetpack_memberships_contains_paid_content":false,"footnotes":"","jetpack_post_was_ever_published":false},"categories":[3],"tags":[],"class_list":["post-4300","post","type-post","status-publish","format-standard","has-post-thumbnail","hentry","category-news"],"jetpack_sharing_enabled":true,"jetpack-related-posts":[{"id":4030,"url":"https:\/\/www.virtusetlabor.it\/index.php\/2025\/09\/04\/festa-dello-sport-2025-melegnano\/","url_meta":{"origin":4300,"position":0},"title":"Festa dello sport 2025 | Melegnano","author":"virtusadmin","date":"Settembre 4, 2025","format":false,"excerpt":"Il 6 e 7 settembre ci troverete presso il Castello di Melegnano per la Festa dello Sport 2025, due giorni ricchi di energia, entusiasmo e voglia di fare squadra. Al nostro stand i bambini potranno divertirsi e mettersi alla prova con percorso motorio, tumbling e trampolino, un\u2019occasione per scoprire la\u2026","rel":"","context":"In &quot;news&quot;","block_context":{"text":"news","link":"https:\/\/www.virtusetlabor.it\/index.php\/category\/news\/"},"img":{"alt_text":"","src":"https:\/\/i0.wp.com\/www.virtusetlabor.it\/wp-content\/uploads\/2025\/09\/7-e1757002587483.jpg?fit=450%2C563&ssl=1&resize=350%2C200","width":350,"height":200},"classes":[]},{"id":4045,"url":"https:\/\/www.virtusetlabor.it\/index.php\/2025\/09\/12\/festa-dello-sport-2025-premiati-i-nostri-istruttori\/","url_meta":{"origin":4300,"position":1},"title":"Festa dello sport 2025 &#8211; premiati i nostri Istruttori","author":"virtusadmin","date":"Settembre 12, 2025","format":false,"excerpt":"Una serata speciale quella del Gala dello Sport, che ha animato la Festa dello Sport 2025 a Melegnano con esibizioni, applausi ed emozioni. Tra i protagonisti anche i nostri istruttori, premiati per la passione, la dedizione e l\u2019impegno che ogni giorno mettono al servizio degli atleti. Un riconoscimento che celebra\u2026","rel":"","context":"In &quot;news&quot;","block_context":{"text":"news","link":"https:\/\/www.virtusetlabor.it\/index.php\/category\/news\/"},"img":{"alt_text":"","src":"https:\/\/i0.wp.com\/www.virtusetlabor.it\/wp-content\/uploads\/2025\/09\/Header_News-Sito_team-istruttori.jpg?fit=1068%2C534&ssl=1&resize=350%2C200","width":350,"height":200,"srcset":"https:\/\/i0.wp.com\/www.virtusetlabor.it\/wp-content\/uploads\/2025\/09\/Header_News-Sito_team-istruttori.jpg?fit=1068%2C534&ssl=1&resize=350%2C200 1x, https:\/\/i0.wp.com\/www.virtusetlabor.it\/wp-content\/uploads\/2025\/09\/Header_News-Sito_team-istruttori.jpg?fit=1068%2C534&ssl=1&resize=525%2C300 1.5x, https:\/\/i0.wp.com\/www.virtusetlabor.it\/wp-content\/uploads\/2025\/09\/Header_News-Sito_team-istruttori.jpg?fit=1068%2C534&ssl=1&resize=700%2C400 2x, https:\/\/i0.wp.com\/www.virtusetlabor.it\/wp-content\/uploads\/2025\/09\/Header_News-Sito_team-istruttori.jpg?fit=1068%2C534&ssl=1&resize=1050%2C600 3x"},"classes":[]},{"id":4207,"url":"https:\/\/www.virtusetlabor.it\/index.php\/2026\/06\/03\/120-anni-di-virtus-et-labor-sulle-pagine-de-il-melegnanese\/","url_meta":{"origin":4300,"position":2},"title":"120 anni di Virtus et Labor sulle pagine de &#8220;Il Melegnanese&#8221;","author":"virtusadmin","date":"Giugno 3, 2026","format":false,"excerpt":"Il 2026 segna una tappa fondamentale per la nostra societ\u00e0: la Virtus et Labor festeggia i suoi 120 anni di attivit\u00e0. Un traguardo straordinario, fatto di passione, sacrifici e successi, che il quindicinale Il Melegnanese ha voluto onorare con un bellissimo articolo speciale nel suo ultimo numero. Dal 1906 a\u2026","rel":"","context":"In &quot;Anniversario 120&quot;","block_context":{"text":"Anniversario 120","link":"https:\/\/www.virtusetlabor.it\/index.php\/category\/news\/anniversario-120\/"},"img":{"alt_text":"","src":"https:\/\/i0.wp.com\/www.virtusetlabor.it\/wp-content\/uploads\/2026\/06\/Header_News-Sito_melegnanese.jpg?fit=1068%2C534&ssl=1&resize=350%2C200","width":350,"height":200,"srcset":"https:\/\/i0.wp.com\/www.virtusetlabor.it\/wp-content\/uploads\/2026\/06\/Header_News-Sito_melegnanese.jpg?fit=1068%2C534&ssl=1&resize=350%2C200 1x, https:\/\/i0.wp.com\/www.virtusetlabor.it\/wp-content\/uploads\/2026\/06\/Header_News-Sito_melegnanese.jpg?fit=1068%2C534&ssl=1&resize=525%2C300 1.5x, https:\/\/i0.wp.com\/www.virtusetlabor.it\/wp-content\/uploads\/2026\/06\/Header_News-Sito_melegnanese.jpg?fit=1068%2C534&ssl=1&resize=700%2C400 2x, https:\/\/i0.wp.com\/www.virtusetlabor.it\/wp-content\/uploads\/2026\/06\/Header_News-Sito_melegnanese.jpg?fit=1068%2C534&ssl=1&resize=1050%2C600 3x"},"classes":[]},{"id":4199,"url":"https:\/\/www.virtusetlabor.it\/index.php\/2026\/05\/31\/oltre-la-pedana-celebrati-al-castello-mediceo-i-120-anni-di-storia-della-nostra-societa\/","url_meta":{"origin":4300,"position":3},"title":"&#8220;Oltre la pedana&#8221;: celebrati al Castello Mediceo i 120 anni di storia della nostra Societ\u00e0","author":"virtusadmin","date":"Maggio 31, 2026","format":false,"excerpt":"Domenica 24 Maggio, la suggestiva Sala delle Battaglie del Castello Mediceo di Melegnano ha fatto da cornice a \"Oltre la pedana: il viaggio dei campioni\", una serata dedicata all'eccellenza della ginnastica artistica e ritmica. L'evento, parte dei festeggiamenti per il nostro anniversario, ha registrato una splendida cornice di pubblico, unito\u2026","rel":"","context":"In &quot;Anniversario 120&quot;","block_context":{"text":"Anniversario 120","link":"https:\/\/www.virtusetlabor.it\/index.php\/category\/news\/anniversario-120\/"},"img":{"alt_text":"","src":"https:\/\/i0.wp.com\/www.virtusetlabor.it\/wp-content\/uploads\/2026\/06\/Header_News-Sito_oltre.jpg?fit=1068%2C534&ssl=1&resize=350%2C200","width":350,"height":200,"srcset":"https:\/\/i0.wp.com\/www.virtusetlabor.it\/wp-content\/uploads\/2026\/06\/Header_News-Sito_oltre.jpg?fit=1068%2C534&ssl=1&resize=350%2C200 1x, https:\/\/i0.wp.com\/www.virtusetlabor.it\/wp-content\/uploads\/2026\/06\/Header_News-Sito_oltre.jpg?fit=1068%2C534&ssl=1&resize=525%2C300 1.5x, https:\/\/i0.wp.com\/www.virtusetlabor.it\/wp-content\/uploads\/2026\/06\/Header_News-Sito_oltre.jpg?fit=1068%2C534&ssl=1&resize=700%2C400 2x, https:\/\/i0.wp.com\/www.virtusetlabor.it\/wp-content\/uploads\/2026\/06\/Header_News-Sito_oltre.jpg?fit=1068%2C534&ssl=1&resize=1050%2C600 3x"},"classes":[]},{"id":4143,"url":"https:\/\/www.virtusetlabor.it\/index.php\/2026\/03\/18\/11-trofeo-marovelli-21-29-marzo-26\/","url_meta":{"origin":4300,"position":4},"title":"11\u00b0 Trofeo Marovelli &#8211; 21 &#038; 29 Marzo &#8217;26","author":"virtusadmin","date":"Marzo 18, 2026","format":false,"excerpt":"La nostra societ\u00e0 \u00e8 lieta di presentare l\u201911\u00b0 Trofeo Marovelli, uno degli appuntamenti pi\u00f9 attesi della stagione sportiva, che vedr\u00e0 protagonisti atleti delle sezioni di ginnastica ritmica e artistica in due giornate dedicate allo sport e alla condivisione. Programma delle giornate Sabato 21 Marzo Sede: Palestra IIS V. Benini \u2013\u2026","rel":"","context":"In &quot;news&quot;","block_context":{"text":"news","link":"https:\/\/www.virtusetlabor.it\/index.php\/category\/news\/"},"img":{"alt_text":"","src":"https:\/\/i0.wp.com\/www.virtusetlabor.it\/wp-content\/uploads\/2026\/03\/11%C2%B0-TROFEO-MAROVELLI-e1774439717560.jpg?fit=750%2C1061&ssl=1&resize=350%2C200","width":350,"height":200,"srcset":"https:\/\/i0.wp.com\/www.virtusetlabor.it\/wp-content\/uploads\/2026\/03\/11%C2%B0-TROFEO-MAROVELLI-e1774439717560.jpg?fit=750%2C1061&ssl=1&resize=350%2C200 1x, https:\/\/i0.wp.com\/www.virtusetlabor.it\/wp-content\/uploads\/2026\/03\/11%C2%B0-TROFEO-MAROVELLI-e1774439717560.jpg?fit=750%2C1061&ssl=1&resize=525%2C300 1.5x, https:\/\/i0.wp.com\/www.virtusetlabor.it\/wp-content\/uploads\/2026\/03\/11%C2%B0-TROFEO-MAROVELLI-e1774439717560.jpg?fit=750%2C1061&ssl=1&resize=700%2C400 2x"},"classes":[]},{"id":4094,"url":"https:\/\/www.virtusetlabor.it\/index.php\/2025\/12\/10\/ginnastica-in-festa-rimini-winter-edition-2025-risultati-gallery\/","url_meta":{"origin":4300,"position":5},"title":"Ginnastica in Festa Rimini | Winter Edition 2025: risultati &#038; gallery!","author":"virtusadmin","date":"Dicembre 10, 2025","format":false,"excerpt":"Quattro giorni intensi a Ginnastica in festa Rimini | Winter Edition 2025\u2026emozioni vere e tanta crescita. Un grande applauso alle nostre atlete: impegno, determinazione e spirito di squadra non sono mancati. Ecco i risultati: \u2022 Gaia Aretosi \u2013 LD Avanzato | 4\u00b0 \u2022 Maya Civitavecchia \u2013 LB3 Avanzato | 8\u00b0\u2026","rel":"","context":"In &quot;news&quot;","block_context":{"text":"news","link":"https:\/\/www.virtusetlabor.it\/index.php\/category\/news\/"},"img":{"alt_text":"","src":"https:\/\/i0.wp.com\/www.virtusetlabor.it\/wp-content\/uploads\/2025\/12\/7.jpg?fit=1068%2C534&ssl=1&resize=350%2C200","width":350,"height":200,"srcset":"https:\/\/i0.wp.com\/www.virtusetlabor.it\/wp-content\/uploads\/2025\/12\/7.jpg?fit=1068%2C534&ssl=1&resize=350%2C200 1x, https:\/\/i0.wp.com\/www.virtusetlabor.it\/wp-content\/uploads\/2025\/12\/7.jpg?fit=1068%2C534&ssl=1&resize=525%2C300 1.5x, https:\/\/i0.wp.com\/www.virtusetlabor.it\/wp-content\/uploads\/2025\/12\/7.jpg?fit=1068%2C534&ssl=1&resize=700%2C400 2x, https:\/\/i0.wp.com\/www.virtusetlabor.it\/wp-content\/uploads\/2025\/12\/7.jpg?fit=1068%2C534&ssl=1&resize=1050%2C600 3x"},"classes":[]}],"jetpack_featured_media_url":"https:\/\/i0.wp.com\/www.virtusetlabor.it\/wp-content\/uploads\/2026\/09\/Header_News-Sito.jpg?fit=1068%2C534&ssl=1","_links":{"self":[{"href":"https:\/\/www.virtusetlabor.it\/index.php\/wp-json\/wp\/v2\/posts\/4300","targetHints":{"allow":["GET"]}}],"collection":[{"href":"https:\/\/www.virtusetlabor.it\/index.php\/wp-json\/wp\/v2\/posts"}],"about":[{"href":"https:\/\/www.virtusetlabor.it\/index.php\/wp-json\/wp\/v2\/types\/post"}],"author":[{"embeddable":true,"href":"https:\/\/www.virtusetlabor.it\/index.php\/wp-json\/wp\/v2\/users\/1"}],"replies":[{"embeddable":true,"href":"https:\/\/www.virtusetlabor.it\/index.php\/wp-json\/wp\/v2\/comments?post=4300"}],"version-history":[{"count":1,"href":"https:\/\/www.virtusetlabor.it\/index.php\/wp-json\/wp\/v2\/posts\/4300\/revisions"}],"predecessor-version":[{"id":4302,"href":"https:\/\/www.virtusetlabor.it\/index.php\/wp-json\/wp\/v2\/posts\/4300\/revisions\/4302"}],"wp:featuredmedia":[{"embeddable":true,"href":"https:\/\/www.virtusetlabor.it\/index.php\/wp-json\/wp\/v2\/media\/4301"}],"wp:attachment":[{"href":"https:\/\/www.virtusetlabor.it\/index.php\/wp-json\/wp\/v2\/media?parent=4300"}],"wp:term":[{"taxonomy":"category","embeddable":true,"href":"https:\/\/www.virtusetlabor.it\/index.php\/wp-json\/wp\/v2\/categories?post=4300"},{"taxonomy":"post_tag","embeddable":true,"href":"https:\/\/www.virtusetlabor.it\/index.php\/wp-json\/wp\/v2\/tags?post=4300"}],"curies":[{"name":"wp","href":"https:\/\/api.w.org\/{rel}","templated":true}]}}